{"id":519,"date":"2025-03-07T09:30:37","date_gmt":"2025-03-07T12:30:37","guid":{"rendered":"https:\/\/www.drfabiovieira.com.br\/blog\/?p=519"},"modified":"2025-03-07T09:30:40","modified_gmt":"2025-03-07T12:30:40","slug":"dor-na-coluna-ao-acordar-causas-e-quando-procurar-um-especialista","status":"publish","type":"post","link":"https:\/\/www.drfabiovieira.com.br\/blog\/dor-na-coluna-ao-acordar-causas-e-quando-procurar-um-especialista\/","title":{"rendered":"Dor na Coluna ao Acordar: Causas e Quando Procurar um Especialista"},"content":{"rendered":"\n<p>Acordar com dor na coluna pode ser um sinal de que algo n\u00e3o est\u00e1 certo. Muitas pessoas acreditam que essa dor matinal \u00e9 normal, mas na realidade, ela pode indicar problemas na postura, no colch\u00e3o ou at\u00e9 mesmo quest\u00f5es ortop\u00e9dicas mais s\u00e9rias.<\/p>\n\n\n\n<p>Se a dor na coluna ao acordar acontece frequentemente, \u00e9 essencial entender suas poss\u00edveis causas e saber quando buscar um especialista. Neste artigo, vamos explorar os motivos mais comuns para esse desconforto e quando procurar um ortopedista especializado em coluna.<\/p>\n\n\n\n<h2 class=\"wp-block-heading\"><strong>Principais Causas da Dor na Coluna ao Acordar<\/strong><\/h2>\n\n\n\n<h3 class=\"wp-block-heading\"><strong>1. Colch\u00e3o e Travesseiro Inadequados<\/strong><\/h3>\n\n\n\n<p>O colch\u00e3o e o travesseiro desempenham um papel fundamental na sa\u00fade da coluna. Um colch\u00e3o muito macio ou muito firme pode levar ao desalinhamento da coluna durante a noite, causando dores ao acordar. Da mesma forma, travesseiros altos ou baixos demais podem afetar a postura cervical e aumentar a tens\u00e3o nas costas.<\/p>\n\n\n\n<h4 class=\"wp-block-heading\"><strong>Como evitar?<\/strong><\/h4>\n\n\n\n<ul class=\"wp-block-list\">\n<li>Escolha um colch\u00e3o de firmeza m\u00e9dia, que ofere\u00e7a suporte adequado \u00e0 coluna.<\/li>\n\n\n\n<li>Utilize travesseiros que mantenham o alinhamento natural do pesco\u00e7o e das costas.<\/li>\n\n\n\n<li>Troque o colch\u00e3o a cada 7 a 10 anos, conforme a recomenda\u00e7\u00e3o dos fabricantes.<\/li>\n<\/ul>\n\n\n\n<h3 class=\"wp-block-heading\"><strong>2. M\u00e1 Postura Durante o Sono<\/strong><\/h3>\n\n\n\n<p>Dormir em posi\u00e7\u00f5es inadequadas pode aumentar a press\u00e3o sobre a coluna, resultando em dores matinais. Algumas posi\u00e7\u00f5es, como dormir de bru\u00e7os, podem for\u00e7ar a curvatura da lombar e gerar desconforto.<\/p>\n\n\n\n<h4 class=\"wp-block-heading\"><strong>Dicas para <a href=\"https:\/\/www.drfabiovieira.com.br\/blog\/ma-postura-e-dor-na-coluna-impactos-na-qualidade-de-vida\/\">melhorar a postura<\/a> ao dormir:<\/strong><\/h4>\n\n\n\n<ul class=\"wp-block-list\">\n<li>Prefira dormir de lado com um travesseiro entre os joelhos para manter a coluna alinhada.<\/li>\n\n\n\n<li>Se dormir de costas, coloque um travesseiro sob os joelhos para reduzir a tens\u00e3o na lombar.<\/li>\n\n\n\n<li>Evite dormir de bru\u00e7os, pois essa posi\u00e7\u00e3o sobrecarrega a coluna.<\/li>\n<\/ul>\n\n\n\n<h3 class=\"wp-block-heading\"><strong>3. Sedentarismo e Falta de Exerc\u00edcios<\/strong><\/h3>\n\n\n\n<p>A falta de atividade f\u00edsica pode enfraquecer os m\u00fasculos que sustentam a coluna, tornando-a mais suscet\u00edvel a dores. <a href=\"https:\/\/www.drfabiovieira.com.br\/blog\/a-relacao-entre-dor-lombar-com-o-sedentarismo\/\">O sedentarismo<\/a> tamb\u00e9m reduz a flexibilidade e pode causar rigidez muscular ao longo do tempo.<\/p>\n\n\n\n<h4 class=\"wp-block-heading\"><strong>Como prevenir?<\/strong><\/h4>\n\n\n\n<ul class=\"wp-block-list\">\n<li>Pratique atividades f\u00edsicas regularmente, como caminhada, pilates ou muscula\u00e7\u00e3o.<\/li>\n\n\n\n<li>Fa\u00e7a alongamentos di\u00e1rios para melhorar a flexibilidade da coluna.<\/li>\n\n\n\n<li>Evite passar longos per\u00edodos sentado ou deitado sem movimenta\u00e7\u00e3o.<\/li>\n<\/ul>\n\n\n\n<h3 class=\"wp-block-heading\"><strong>4. Problemas Ortop\u00e9dicos<\/strong><\/h3>\n\n\n\n<p>Algumas condi\u00e7\u00f5es ortop\u00e9dicas podem ser respons\u00e1veis pela dor na coluna ao acordar. Problemas como h\u00e9rnia de disco, artrose, escoliose ou espondilolistese podem causar desconforto matinal e limitar os movimentos.<\/p>\n\n\n\n<h4 class=\"wp-block-heading\"><strong>Sinais de alerta:<\/strong><\/h4>\n\n\n\n<ul class=\"wp-block-list\">\n<li>Dor persistente que n\u00e3o melhora ao longo do dia.<\/li>\n\n\n\n<li>Rigidez matinal que dura mais de 30 minutos.<\/li>\n\n\n\n<li>Sensa\u00e7\u00e3o de formigamento ou dorm\u00eancia nas pernas ou bra\u00e7os.<\/li>\n\n\n\n<li>Dificuldade para se levantar da cama devido \u00e0 dor.<\/li>\n<\/ul>\n\n\n\n<p>Caso esses sintomas estejam presentes, a avalia\u00e7\u00e3o de um ortopedista especializado em coluna \u00e9 fundamental para um diagn\u00f3stico preciso.<\/p>\n\n\n\n<h3 class=\"wp-block-heading\"><strong>5. Inflama\u00e7\u00f5es e Doen\u00e7as Reumatol\u00f3gicas<\/strong><\/h3>\n\n\n\n<p>Al\u00e9m dos fatores mec\u00e2nicos, algumas doen\u00e7as inflamat\u00f3rias podem causar dor na coluna ao acordar. A espondilite anquilosante, por exemplo, \u00e9 uma condi\u00e7\u00e3o reumatol\u00f3gica que afeta as articula\u00e7\u00f5es da coluna e pode provocar dor e rigidez matinal.<\/p>\n\n\n\n<h4 class=\"wp-block-heading\"><strong>Quando suspeitar de um problema inflamat\u00f3rio?<\/strong><\/h4>\n\n\n\n<ul class=\"wp-block-list\">\n<li>Dor que melhora com o movimento, mas piora em repouso.<\/li>\n\n\n\n<li>Rigidez prolongada ao acordar.<\/li>\n\n\n\n<li>Hist\u00f3rico familiar de doen\u00e7as reumatol\u00f3gicas.<\/li>\n<\/ul>\n\n\n\n<p>Nesses casos, exames m\u00e9dicos espec\u00edficos podem ser necess\u00e1rios para confirmar o diagn\u00f3stico.<\/p>\n\n\n\n<h3 class=\"wp-block-heading\"><strong>6. Estresse e Tens\u00e3o Muscular<\/strong><\/h3>\n\n\n\n<p>O estresse pode contribuir para dores na coluna ao acordar. A tens\u00e3o emocional pode levar a contra\u00e7\u00f5es musculares involunt\u00e1rias, especialmente na regi\u00e3o cervical e lombar.<\/p>\n\n\n\n<h4 class=\"wp-block-heading\"><strong>Como reduzir a tens\u00e3o muscular?<\/strong><\/h4>\n\n\n\n<ul class=\"wp-block-list\">\n<li>Pratique t\u00e9cnicas de relaxamento, como medita\u00e7\u00e3o e respira\u00e7\u00e3o profunda.<\/li>\n\n\n\n<li>Evite uso excessivo de eletr\u00f4nicos antes de dormir.<\/li>\n\n\n\n<li>Mantenha uma rotina de sono regular para evitar fadiga muscular.<\/li>\n<\/ul>\n\n\n\n<p><a href=\"https:\/\/www.drfabiovieira.com.br\/blog\/5-tipos-de-lesoes-na-coluna\/\">LEIA MAIS: 5 tipos de les\u00f5es na coluna<\/a><\/p>\n\n\n\n<h2 class=\"wp-block-heading\"><strong>Quando Procurar um Especialista?<\/strong><\/h2>\n\n\n\n<p>Nem toda dor na coluna ao acordar \u00e9 preocupante, mas algumas <a href=\"https:\/\/integrativa.pt\/acordar-com-dor-nas-costas-nao-e-normal-conheca-as-causas-das-dores-matinais\/\">situa\u00e7\u00f5es<\/a> exigem aten\u00e7\u00e3o m\u00e9dica.<\/p>\n\n\n\n<h3 class=\"wp-block-heading\"><strong>Busque um ortopedista se:<\/strong><\/h3>\n\n\n\n<ul class=\"wp-block-list\">\n<li>A dor persiste por mais de tr\u00eas semanas.<\/li>\n\n\n\n<li>H\u00e1 dificuldade para se movimentar ao acordar.<\/li>\n\n\n\n<li>O desconforto piora progressivamente.<\/li>\n\n\n\n<li>H\u00e1 formigamento ou dorm\u00eancia nas pernas ou bra\u00e7os.<\/li>\n\n\n\n<li>A dor interfere nas atividades di\u00e1rias.<\/li>\n<\/ul>\n\n\n\n<p>O ortopedista especializado em coluna pode indicar exames como radiografias, resson\u00e2ncia magn\u00e9tica e tomografia para identificar a causa exata do problema e definir, portanto, o tratamento mais adequado.<\/p>\n\n\n\n<h2 class=\"wp-block-heading\"><strong>Cuidar da Sa\u00fade da Coluna \u00e9 Essencial<\/strong><\/h2>\n\n\n\n<p>A dor na coluna ao acordar pode ter diversas causas. Muitas vezes, um colch\u00e3o inadequado ou uma posi\u00e7\u00e3o errada ao dormir podem ser os principais motivos do desconforto matinal. Al\u00e9m disso, algumas condi\u00e7\u00f5es ortop\u00e9dicas mais s\u00e9rias tamb\u00e9m podem estar envolvidas.<\/p>\n\n\n\n<p><a href=\"https:\/\/www.drfabiovieira.com.br\/blog\/5-exercicios-para-fortalecer-a-coluna\/\">LEIA MAIS: 5 Exerc\u00edcios para fortalecer a coluna<\/a><\/p>\n\n\n\n<p>Por isso, ajustar h\u00e1bitos de sono, praticar exerc\u00edcios regularmente e adotar uma postura correta durante o dia s\u00e3o passos essenciais para reduzir a dor. No entanto, quando o desconforto persiste, \u00e9 fundamental procurar um especialista. Afinal, a avalia\u00e7\u00e3o m\u00e9dica pode prevenir complica\u00e7\u00f5es futuras e indicar o tratamento adequado para cada caso.<\/p>\n\n\n\n<p>Se voc\u00ea sofre com dores matinais na coluna, n\u00e3o ignore os sinais do seu corpo. Quanto antes voc\u00ea buscar um diagn\u00f3stico, melhores ser\u00e3o as chances de aliviar a dor e recuperar sua qualidade de vida. Portanto, agende uma consulta com um ortopedista para um plano de tratamento adequado \u00e0s suas necessidades. Cuidar da sa\u00fade da coluna \u00e9 essencial para manter o bem-estar e garantir um dia a dia sem limita\u00e7\u00f5es.<\/p>\n\n\n\n<h2 class=\"wp-block-heading\"><strong>Dr. F\u00e1bio Vieira: Especialista no Tratamento da Dor na Coluna<\/strong><\/h2>\n\n\n\n<p>Quando a dor na coluna ao acordar se torna frequente, contar com um especialista faz toda a diferen\u00e7a. Nesse sentido, o <strong><a href=\"https:\/\/www.drfabiovieira.com.br\/index.html\">Dr. F\u00e1bio Vieira<\/a><\/strong><a href=\"https:\/\/www.drfabiovieira.com.br\/perfil.html\"> <\/a>\u00e9 especializado no diagn\u00f3stico e tratamento de diversas condi\u00e7\u00f5es que afetam a coluna vertebral.<\/p>\n\n\n\n<p>Com ampla experi\u00eancia na \u00e1rea, ele adota abordagens personalizadas para cada paciente, sempre com o objetivo de aliviar a dor e melhorar a qualidade de vida. Al\u00e9m disso, seu atendimento \u00e9 baseado em evid\u00eancias m\u00e9dicas, prezando pela seguran\u00e7a no tratamento.<\/p>\n\n\n\n<p>Portanto, se voc\u00ea enfrenta dores constantes ao acordar, um exame cl\u00ednico detalhado pode ser a chave para entender a origem do problema. N\u00e3o espere a dor se agravar. Procure ajuda e recupere sua mobilidade!<\/p>\n","protected":false},"excerpt":{"rendered":"<p>Acordar com dor na coluna pode ser um sinal de que algo n\u00e3o est\u00e1 certo. Muitas pessoas acreditam que essa dor matinal \u00e9 normal, mas na realidade, ela pode indicar problemas na postura, no colch\u00e3o ou at\u00e9 mesmo quest\u00f5es ortop\u00e9dicas mais s\u00e9rias. Se a dor na coluna ao acordar acontece frequentemente, \u00e9 essencial entender suas [&hellip;]<\/p>\n","protected":false},"author":1,"featured_media":529,"comment_status":"open","ping_status":"open","sticky":false,"template":"","format":"standard","meta":{"footnotes":""},"categories":[9],"tags":[],"class_list":["post-519","post","type-post","status-publish","format-standard","has-post-thumbnail","hentry","category-blog"],"yoast_head":"<!-- This site is optimized with the Yoast SEO plugin v24.9 - https:\/\/yoast.com\/wordpress\/plugins\/seo\/ -->\n<title>Dor na Coluna ao Acordar: Causas e Quando Procurar um Especialista - Dr. Fabio Vieira - M\u00e9dico Ortopedista Cirurgi\u00e3o<\/title>\n<meta name=\"description\" content=\"Acordar com dor na coluna n\u00e3o \u00e9 normal! Descubra as principais causas, como aliviar o desconforto e quando procurar um especialista em coluna\" \/>\n<meta name=\"robots\" content=\"index, follow, max-snippet:-1, max-image-preview:large, max-video-preview:-1\" \/>\n<link rel=\"canonical\" href=\"https:\/\/www.drfabiovieira.com.br\/blog\/dor-na-coluna-ao-acordar-causas-e-quando-procurar-um-especialista\/\" \/>\n<meta property=\"og:locale\" content=\"pt_BR\" \/>\n<meta property=\"og:type\" content=\"article\" \/>\n<meta property=\"og:title\" content=\"Dor na Coluna ao Acordar: Causas e Quando Procurar um Especialista - Dr. Fabio Vieira - M\u00e9dico Ortopedista Cirurgi\u00e3o\" \/>\n<meta property=\"og:description\" content=\"Acordar com dor na coluna n\u00e3o \u00e9 normal! Descubra as principais causas, como aliviar o desconforto e quando procurar um especialista em coluna\" \/>\n<meta property=\"og:url\" content=\"https:\/\/www.drfabiovieira.com.br\/blog\/dor-na-coluna-ao-acordar-causas-e-quando-procurar-um-especialista\/\" \/>\n<meta property=\"og:site_name\" content=\"Dr. Fabio Vieira - M\u00e9dico Ortopedista Cirurgi\u00e3o\" \/>\n<meta property=\"article:published_time\" content=\"2025-03-07T12:30:37+00:00\" \/>\n<meta property=\"article:modified_time\" content=\"2025-03-07T12:30:40+00:00\" \/>\n<meta property=\"og:image\" content=\"https:\/\/www.drfabiovieira.com.br\/blog\/wp-content\/uploads\/2025\/02\/Dor-na-Coluna-ao-Acordar-1-scaled.jpg\" \/>\n\t<meta property=\"og:image:width\" content=\"2560\" \/>\n\t<meta property=\"og:image:height\" content=\"1707\" \/>\n\t<meta property=\"og:image:type\" content=\"image\/jpeg\" \/>\n<meta name=\"author\" content=\"drfabiovieira\" \/>\n<meta name=\"twitter:card\" content=\"summary_large_image\" \/>\n<meta name=\"twitter:label1\" content=\"Escrito por\" \/>\n\t<meta name=\"twitter:data1\" content=\"drfabiovieira\" \/>\n\t<meta name=\"twitter:label2\" content=\"Est. tempo de leitura\" \/>\n\t<meta name=\"twitter:data2\" content=\"6 minutos\" \/>\n<script type=\"application\/ld+json\" class=\"yoast-schema-graph\">{\"@context\":\"https:\/\/schema.org\",\"@graph\":[{\"@type\":\"Article\",\"@id\":\"https:\/\/www.drfabiovieira.com.br\/blog\/dor-na-coluna-ao-acordar-causas-e-quando-procurar-um-especialista\/#article\",\"isPartOf\":{\"@id\":\"https:\/\/www.drfabiovieira.com.br\/blog\/dor-na-coluna-ao-acordar-causas-e-quando-procurar-um-especialista\/\"},\"author\":{\"name\":\"drfabiovieira\",\"@id\":\"https:\/\/www.drfabiovieira.com.br\/blog\/#\/schema\/person\/a4ab77802ba4e129f057f925984e8184\"},\"headline\":\"Dor na Coluna ao Acordar: Causas e Quando Procurar um Especialista\",\"datePublished\":\"2025-03-07T12:30:37+00:00\",\"dateModified\":\"2025-03-07T12:30:40+00:00\",\"mainEntityOfPage\":{\"@id\":\"https:\/\/www.drfabiovieira.com.br\/blog\/dor-na-coluna-ao-acordar-causas-e-quando-procurar-um-especialista\/\"},\"wordCount\":1063,\"commentCount\":0,\"publisher\":{\"@id\":\"https:\/\/www.drfabiovieira.com.br\/blog\/#\/schema\/person\/a4ab77802ba4e129f057f925984e8184\"},\"image\":{\"@id\":\"https:\/\/www.drfabiovieira.com.br\/blog\/dor-na-coluna-ao-acordar-causas-e-quando-procurar-um-especialista\/#primaryimage\"},\"thumbnailUrl\":\"https:\/\/www.drfabiovieira.com.br\/blog\/wp-content\/uploads\/2025\/02\/Dor-na-Coluna-ao-Acordar-1-scaled.jpg\",\"articleSection\":[\"Blog\"],\"inLanguage\":\"pt-BR\",\"potentialAction\":[{\"@type\":\"CommentAction\",\"name\":\"Comment\",\"target\":[\"https:\/\/www.drfabiovieira.com.br\/blog\/dor-na-coluna-ao-acordar-causas-e-quando-procurar-um-especialista\/#respond\"]}]},{\"@type\":\"WebPage\",\"@id\":\"https:\/\/www.drfabiovieira.com.br\/blog\/dor-na-coluna-ao-acordar-causas-e-quando-procurar-um-especialista\/\",\"url\":\"https:\/\/www.drfabiovieira.com.br\/blog\/dor-na-coluna-ao-acordar-causas-e-quando-procurar-um-especialista\/\",\"name\":\"Dor na Coluna ao Acordar: Causas e Quando Procurar um Especialista - Dr. Fabio Vieira - M\u00e9dico Ortopedista Cirurgi\u00e3o\",\"isPartOf\":{\"@id\":\"https:\/\/www.drfabiovieira.com.br\/blog\/#website\"},\"primaryImageOfPage\":{\"@id\":\"https:\/\/www.drfabiovieira.com.br\/blog\/dor-na-coluna-ao-acordar-causas-e-quando-procurar-um-especialista\/#primaryimage\"},\"image\":{\"@id\":\"https:\/\/www.drfabiovieira.com.br\/blog\/dor-na-coluna-ao-acordar-causas-e-quando-procurar-um-especialista\/#primaryimage\"},\"thumbnailUrl\":\"https:\/\/www.drfabiovieira.com.br\/blog\/wp-content\/uploads\/2025\/02\/Dor-na-Coluna-ao-Acordar-1-scaled.jpg\",\"datePublished\":\"2025-03-07T12:30:37+00:00\",\"dateModified\":\"2025-03-07T12:30:40+00:00\",\"description\":\"Acordar com dor na coluna n\u00e3o \u00e9 normal! Descubra as principais causas, como aliviar o desconforto e quando procurar um especialista em coluna\",\"breadcrumb\":{\"@id\":\"https:\/\/www.drfabiovieira.com.br\/blog\/dor-na-coluna-ao-acordar-causas-e-quando-procurar-um-especialista\/#breadcrumb\"},\"inLanguage\":\"pt-BR\",\"potentialAction\":[{\"@type\":\"ReadAction\",\"target\":[\"https:\/\/www.drfabiovieira.com.br\/blog\/dor-na-coluna-ao-acordar-causas-e-quando-procurar-um-especialista\/\"]}]},{\"@type\":\"ImageObject\",\"inLanguage\":\"pt-BR\",\"@id\":\"https:\/\/www.drfabiovieira.com.br\/blog\/dor-na-coluna-ao-acordar-causas-e-quando-procurar-um-especialista\/#primaryimage\",\"url\":\"https:\/\/www.drfabiovieira.com.br\/blog\/wp-content\/uploads\/2025\/02\/Dor-na-Coluna-ao-Acordar-1-scaled.jpg\",\"contentUrl\":\"https:\/\/www.drfabiovieira.com.br\/blog\/wp-content\/uploads\/2025\/02\/Dor-na-Coluna-ao-Acordar-1-scaled.jpg\",\"width\":2560,\"height\":1707,\"caption\":\"Dor na Coluna ao Acordar\"},{\"@type\":\"BreadcrumbList\",\"@id\":\"https:\/\/www.drfabiovieira.com.br\/blog\/dor-na-coluna-ao-acordar-causas-e-quando-procurar-um-especialista\/#breadcrumb\",\"itemListElement\":[{\"@type\":\"ListItem\",\"position\":1,\"name\":\"In\u00edcio\",\"item\":\"https:\/\/www.drfabiovieira.com.br\/blog\/\"},{\"@type\":\"ListItem\",\"position\":2,\"name\":\"Dor na Coluna ao Acordar: Causas e Quando Procurar um Especialista\"}]},{\"@type\":\"WebSite\",\"@id\":\"https:\/\/www.drfabiovieira.com.br\/blog\/#website\",\"url\":\"https:\/\/www.drfabiovieira.com.br\/blog\/\",\"name\":\"Dr. Fabio Vieira - M\u00e9dico Ortopedista Cirurgi\u00e3o\",\"description\":\"Dr. F\u00e1bio Vieira \u00e9 M\u00e9dico Ortopedista, especialista em Coluna e Cirurgia de Coluna, tratamento de deformidades e t\u00e9cnicas minimamente invasivas.\",\"publisher\":{\"@id\":\"https:\/\/www.drfabiovieira.com.br\/blog\/#\/schema\/person\/a4ab77802ba4e129f057f925984e8184\"},\"potentialAction\":[{\"@type\":\"SearchAction\",\"target\":{\"@type\":\"EntryPoint\",\"urlTemplate\":\"https:\/\/www.drfabiovieira.com.br\/blog\/?s={search_term_string}\"},\"query-input\":{\"@type\":\"PropertyValueSpecification\",\"valueRequired\":true,\"valueName\":\"search_term_string\"}}],\"inLanguage\":\"pt-BR\"},{\"@type\":[\"Person\",\"Organization\"],\"@id\":\"https:\/\/www.drfabiovieira.com.br\/blog\/#\/schema\/person\/a4ab77802ba4e129f057f925984e8184\",\"name\":\"drfabiovieira\",\"image\":{\"@type\":\"ImageObject\",\"inLanguage\":\"pt-BR\",\"@id\":\"https:\/\/www.drfabiovieira.com.br\/blog\/#\/schema\/person\/image\/\",\"url\":\"https:\/\/www.drfabiovieira.com.br\/blog\/wp-content\/uploads\/2024\/03\/12-scaled.jpg\",\"contentUrl\":\"https:\/\/www.drfabiovieira.com.br\/blog\/wp-content\/uploads\/2024\/03\/12-scaled.jpg\",\"width\":2560,\"height\":1678,\"caption\":\"drfabiovieira\"},\"logo\":{\"@id\":\"https:\/\/www.drfabiovieira.com.br\/blog\/#\/schema\/person\/image\/\"},\"sameAs\":[\"http:\/\/drfabiovieira.com.br\/blog\"],\"url\":\"https:\/\/www.drfabiovieira.com.br\/blog\/author\/drfabiovieira\/\"}]}<\/script>\n<!-- \/ Yoast SEO plugin. -->","yoast_head_json":{"title":"Dor na Coluna ao Acordar: Causas e Quando Procurar um Especialista - Dr. Fabio Vieira - M\u00e9dico Ortopedista Cirurgi\u00e3o","description":"Acordar com dor na coluna n\u00e3o \u00e9 normal! Descubra as principais causas, como aliviar o desconforto e quando procurar um especialista em coluna","robots":{"index":"index","follow":"follow","max-snippet":"max-snippet:-1","max-image-preview":"max-image-preview:large","max-video-preview":"max-video-preview:-1"},"canonical":"https:\/\/www.drfabiovieira.com.br\/blog\/dor-na-coluna-ao-acordar-causas-e-quando-procurar-um-especialista\/","og_locale":"pt_BR","og_type":"article","og_title":"Dor na Coluna ao Acordar: Causas e Quando Procurar um Especialista - Dr. Fabio Vieira - M\u00e9dico Ortopedista Cirurgi\u00e3o","og_description":"Acordar com dor na coluna n\u00e3o \u00e9 normal! Descubra as principais causas, como aliviar o desconforto e quando procurar um especialista em coluna","og_url":"https:\/\/www.drfabiovieira.com.br\/blog\/dor-na-coluna-ao-acordar-causas-e-quando-procurar-um-especialista\/","og_site_name":"Dr. Fabio Vieira - M\u00e9dico Ortopedista Cirurgi\u00e3o","article_published_time":"2025-03-07T12:30:37+00:00","article_modified_time":"2025-03-07T12:30:40+00:00","og_image":[{"width":2560,"height":1707,"url":"https:\/\/www.drfabiovieira.com.br\/blog\/wp-content\/uploads\/2025\/02\/Dor-na-Coluna-ao-Acordar-1-scaled.jpg","type":"image\/jpeg"}],"author":"drfabiovieira","twitter_card":"summary_large_image","twitter_misc":{"Escrito por":"drfabiovieira","Est. tempo de leitura":"6 minutos"},"schema":{"@context":"https:\/\/schema.org","@graph":[{"@type":"Article","@id":"https:\/\/www.drfabiovieira.com.br\/blog\/dor-na-coluna-ao-acordar-causas-e-quando-procurar-um-especialista\/#article","isPartOf":{"@id":"https:\/\/www.drfabiovieira.com.br\/blog\/dor-na-coluna-ao-acordar-causas-e-quando-procurar-um-especialista\/"},"author":{"name":"drfabiovieira","@id":"https:\/\/www.drfabiovieira.com.br\/blog\/#\/schema\/person\/a4ab77802ba4e129f057f925984e8184"},"headline":"Dor na Coluna ao Acordar: Causas e Quando Procurar um Especialista","datePublished":"2025-03-07T12:30:37+00:00","dateModified":"2025-03-07T12:30:40+00:00","mainEntityOfPage":{"@id":"https:\/\/www.drfabiovieira.com.br\/blog\/dor-na-coluna-ao-acordar-causas-e-quando-procurar-um-especialista\/"},"wordCount":1063,"commentCount":0,"publisher":{"@id":"https:\/\/www.drfabiovieira.com.br\/blog\/#\/schema\/person\/a4ab77802ba4e129f057f925984e8184"},"image":{"@id":"https:\/\/www.drfabiovieira.com.br\/blog\/dor-na-coluna-ao-acordar-causas-e-quando-procurar-um-especialista\/#primaryimage"},"thumbnailUrl":"https:\/\/www.drfabiovieira.com.br\/blog\/wp-content\/uploads\/2025\/02\/Dor-na-Coluna-ao-Acordar-1-scaled.jpg","articleSection":["Blog"],"inLanguage":"pt-BR","potentialAction":[{"@type":"CommentAction","name":"Comment","target":["https:\/\/www.drfabiovieira.com.br\/blog\/dor-na-coluna-ao-acordar-causas-e-quando-procurar-um-especialista\/#respond"]}]},{"@type":"WebPage","@id":"https:\/\/www.drfabiovieira.com.br\/blog\/dor-na-coluna-ao-acordar-causas-e-quando-procurar-um-especialista\/","url":"https:\/\/www.drfabiovieira.com.br\/blog\/dor-na-coluna-ao-acordar-causas-e-quando-procurar-um-especialista\/","name":"Dor na Coluna ao Acordar: Causas e Quando Procurar um Especialista - Dr. Fabio Vieira - M\u00e9dico Ortopedista Cirurgi\u00e3o","isPartOf":{"@id":"https:\/\/www.drfabiovieira.com.br\/blog\/#website"},"primaryImageOfPage":{"@id":"https:\/\/www.drfabiovieira.com.br\/blog\/dor-na-coluna-ao-acordar-causas-e-quando-procurar-um-especialista\/#primaryimage"},"image":{"@id":"https:\/\/www.drfabiovieira.com.br\/blog\/dor-na-coluna-ao-acordar-causas-e-quando-procurar-um-especialista\/#primaryimage"},"thumbnailUrl":"https:\/\/www.drfabiovieira.com.br\/blog\/wp-content\/uploads\/2025\/02\/Dor-na-Coluna-ao-Acordar-1-scaled.jpg","datePublished":"2025-03-07T12:30:37+00:00","dateModified":"2025-03-07T12:30:40+00:00","description":"Acordar com dor na coluna n\u00e3o \u00e9 normal! Descubra as principais causas, como aliviar o desconforto e quando procurar um especialista em coluna","breadcrumb":{"@id":"https:\/\/www.drfabiovieira.com.br\/blog\/dor-na-coluna-ao-acordar-causas-e-quando-procurar-um-especialista\/#breadcrumb"},"inLanguage":"pt-BR","potentialAction":[{"@type":"ReadAction","target":["https:\/\/www.drfabiovieira.com.br\/blog\/dor-na-coluna-ao-acordar-causas-e-quando-procurar-um-especialista\/"]}]},{"@type":"ImageObject","inLanguage":"pt-BR","@id":"https:\/\/www.drfabiovieira.com.br\/blog\/dor-na-coluna-ao-acordar-causas-e-quando-procurar-um-especialista\/#primaryimage","url":"https:\/\/www.drfabiovieira.com.br\/blog\/wp-content\/uploads\/2025\/02\/Dor-na-Coluna-ao-Acordar-1-scaled.jpg","contentUrl":"https:\/\/www.drfabiovieira.com.br\/blog\/wp-content\/uploads\/2025\/02\/Dor-na-Coluna-ao-Acordar-1-scaled.jpg","width":2560,"height":1707,"caption":"Dor na Coluna ao Acordar"},{"@type":"BreadcrumbList","@id":"https:\/\/www.drfabiovieira.com.br\/blog\/dor-na-coluna-ao-acordar-causas-e-quando-procurar-um-especialista\/#breadcrumb","itemListElement":[{"@type":"ListItem","position":1,"name":"In\u00edcio","item":"https:\/\/www.drfabiovieira.com.br\/blog\/"},{"@type":"ListItem","position":2,"name":"Dor na Coluna ao Acordar: Causas e Quando Procurar um Especialista"}]},{"@type":"WebSite","@id":"https:\/\/www.drfabiovieira.com.br\/blog\/#website","url":"https:\/\/www.drfabiovieira.com.br\/blog\/","name":"Dr. Fabio Vieira - M\u00e9dico Ortopedista Cirurgi\u00e3o","description":"Dr. F\u00e1bio Vieira \u00e9 M\u00e9dico Ortopedista, especialista em Coluna e Cirurgia de Coluna, tratamento de deformidades e t\u00e9cnicas minimamente invasivas.","publisher":{"@id":"https:\/\/www.drfabiovieira.com.br\/blog\/#\/schema\/person\/a4ab77802ba4e129f057f925984e8184"},"potentialAction":[{"@type":"SearchAction","target":{"@type":"EntryPoint","urlTemplate":"https:\/\/www.drfabiovieira.com.br\/blog\/?s={search_term_string}"},"query-input":{"@type":"PropertyValueSpecification","valueRequired":true,"valueName":"search_term_string"}}],"inLanguage":"pt-BR"},{"@type":["Person","Organization"],"@id":"https:\/\/www.drfabiovieira.com.br\/blog\/#\/schema\/person\/a4ab77802ba4e129f057f925984e8184","name":"drfabiovieira","image":{"@type":"ImageObject","inLanguage":"pt-BR","@id":"https:\/\/www.drfabiovieira.com.br\/blog\/#\/schema\/person\/image\/","url":"https:\/\/www.drfabiovieira.com.br\/blog\/wp-content\/uploads\/2024\/03\/12-scaled.jpg","contentUrl":"https:\/\/www.drfabiovieira.com.br\/blog\/wp-content\/uploads\/2024\/03\/12-scaled.jpg","width":2560,"height":1678,"caption":"drfabiovieira"},"logo":{"@id":"https:\/\/www.drfabiovieira.com.br\/blog\/#\/schema\/person\/image\/"},"sameAs":["http:\/\/drfabiovieira.com.br\/blog"],"url":"https:\/\/www.drfabiovieira.com.br\/blog\/author\/drfabiovieira\/"}]}},"views":36424,"_links":{"self":[{"href":"https:\/\/www.drfabiovieira.com.br\/blog\/wp-json\/wp\/v2\/posts\/519","targetHints":{"allow":["GET"]}}],"collection":[{"href":"https:\/\/www.drfabiovieira.com.br\/blog\/wp-json\/wp\/v2\/posts"}],"about":[{"href":"https:\/\/www.drfabiovieira.com.br\/blog\/wp-json\/wp\/v2\/types\/post"}],"author":[{"embeddable":true,"href":"https:\/\/www.drfabiovieira.com.br\/blog\/wp-json\/wp\/v2\/users\/1"}],"replies":[{"embeddable":true,"href":"https:\/\/www.drfabiovieira.com.br\/blog\/wp-json\/wp\/v2\/comments?post=519"}],"version-history":[{"count":3,"href":"https:\/\/www.drfabiovieira.com.br\/blog\/wp-json\/wp\/v2\/posts\/519\/revisions"}],"predecessor-version":[{"id":528,"href":"https:\/\/www.drfabiovieira.com.br\/blog\/wp-json\/wp\/v2\/posts\/519\/revisions\/528"}],"wp:featuredmedia":[{"embeddable":true,"href":"https:\/\/www.drfabiovieira.com.br\/blog\/wp-json\/wp\/v2\/media\/529"}],"wp:attachment":[{"href":"https:\/\/www.drfabiovieira.com.br\/blog\/wp-json\/wp\/v2\/media?parent=519"}],"wp:term":[{"taxonomy":"category","embeddable":true,"href":"https:\/\/www.drfabiovieira.com.br\/blog\/wp-json\/wp\/v2\/categories?post=519"},{"taxonomy":"post_tag","embeddable":true,"href":"https:\/\/www.drfabiovieira.com.br\/blog\/wp-json\/wp\/v2\/tags?post=519"}],"curies":[{"name":"wp","href":"https:\/\/api.w.org\/{rel}","templated":true}]}}